{"id":973,"date":"2025-05-16T14:49:20","date_gmt":"2025-05-16T12:49:20","guid":{"rendered":"http:\/\/schelphof.de\/wpnpz1\/?p=973"},"modified":"2026-01-29T13:13:05","modified_gmt":"2026-01-29T12:13:05","slug":"fruehlingserwachen-natur-entdecken","status":"publish","type":"post","link":"https:\/\/schelphof.de\/wpnpz1\/2025\/05\/16\/fruehlingserwachen-natur-entdecken\/","title":{"rendered":"Fr\u00fchlingserwachen &#8211; Natur entdecken!"},"content":{"rendered":"\n<p><\/p>\n\n\n\n<div class=\"wp-block-group\"><div class=\"wp-block-group__inner-container is-layout-constrained wp-block-group-is-layout-constrained\">\n<p>In der ersten Osterferienwoche begr\u00fc\u00dfen 18 Kinder bei perfektem Wetter den Fr\u00fchling im KulturLand Schelphof. Die Stimmung ist heiter und in unseren Themenworkshops entdecken wir die lebendige Land[wirt]schaft, Vielfalt auf dem Teller, Artenvielfalt der Kr\u00e4uter und jede Menge Fr\u00fchlingsfarben und -ger\u00e4usche. Alle Angebote haben drau\u00dfen statt gefunden und sehr viel Spa\u00df gemacht. Das Projekt wurde gef\u00f6rdert durch die <a href=\"http:\/\/www.bielefelder-buergerstiftung.de\">Bielefelder B\u00fcrgerstiftung<\/a>.<\/p>\n<\/div><\/div>\n\n\n\n<p><\/p>\n\n\n\n<p><\/p>\n","protected":false},"excerpt":{"rendered":"<p>In der ersten Osterferienwoche begr\u00fc\u00dfen 18 Kinder bei perfektem Wetter den Fr\u00fchling im KulturLand Schelphof. Die Stimmung ist heiter und in unseren Themenworkshops entdecken wir die lebendige Land[wirt]schaft, Vielfalt auf dem Teller, Artenvielfalt der Kr\u00e4uter und jede Menge Fr\u00fchlingsfarben und -ger\u00e4usche. Alle Angebote haben drau\u00dfen statt gefunden und sehr viel Spa\u00df gemacht. Das Projekt wurde &hellip;<\/p>\n","protected":false},"author":1,"featured_media":656,"comment_status":"closed","ping_status":"closed","sticky":false,"template":"","format":"standard","meta":{"footnotes":""},"categories":[1,31,33,30,32,23],"tags":[],"class_list":["post-973","post","type-post","status-publish","format-standard","has-post-thumbnail","hentry","category-allgemein","category-naturpaedagogisches-zentrum-schelphof","category-npz","category-npz-schelphof","category-schelphof","category-umweltbildung-bne"],"_links":{"self":[{"href":"https:\/\/schelphof.de\/wpnpz1\/wp-json\/wp\/v2\/posts\/973","targetHints":{"allow":["GET"]}}],"collection":[{"href":"https:\/\/schelphof.de\/wpnpz1\/wp-json\/wp\/v2\/posts"}],"about":[{"href":"https:\/\/schelphof.de\/wpnpz1\/wp-json\/wp\/v2\/types\/post"}],"author":[{"embeddable":true,"href":"https:\/\/schelphof.de\/wpnpz1\/wp-json\/wp\/v2\/users\/1"}],"replies":[{"embeddable":true,"href":"https:\/\/schelphof.de\/wpnpz1\/wp-json\/wp\/v2\/comments?post=973"}],"version-history":[{"count":3,"href":"https:\/\/schelphof.de\/wpnpz1\/wp-json\/wp\/v2\/posts\/973\/revisions"}],"predecessor-version":[{"id":1328,"href":"https:\/\/schelphof.de\/wpnpz1\/wp-json\/wp\/v2\/posts\/973\/revisions\/1328"}],"wp:featuredmedia":[{"embeddable":true,"href":"https:\/\/schelphof.de\/wpnpz1\/wp-json\/wp\/v2\/media\/656"}],"wp:attachment":[{"href":"https:\/\/schelphof.de\/wpnpz1\/wp-json\/wp\/v2\/media?parent=973"}],"wp:term":[{"taxonomy":"category","embeddable":true,"href":"https:\/\/schelphof.de\/wpnpz1\/wp-json\/wp\/v2\/categories?post=973"},{"taxonomy":"post_tag","embeddable":true,"href":"https:\/\/schelphof.de\/wpnpz1\/wp-json\/wp\/v2\/tags?post=973"}],"curies":[{"name":"wp","href":"https:\/\/api.w.org\/{rel}","templated":true}]}}