{"id":763,"date":"2024-09-24T14:59:43","date_gmt":"2024-09-24T12:59:43","guid":{"rendered":"http:\/\/schelphof.de\/wpnpz1\/?p=763"},"modified":"2026-01-29T13:13:35","modified_gmt":"2026-01-29T12:13:35","slug":"landschaft-erleben-heimat-entdecken","status":"publish","type":"post","link":"https:\/\/schelphof.de\/wpnpz1\/2024\/09\/24\/landschaft-erleben-heimat-entdecken\/","title":{"rendered":"Das Leben der B\u00e4ume &#8211; Vielfalt unserer Erde"},"content":{"rendered":"<p>Jetzt anmelden!<img loading=\"lazy\" decoding=\"async\" class=\" wp-image-611 alignleft\" src=\"http:\/\/schelphof.de\/wpnpz1\/wp-content\/uploads\/IMG_5779-320x240.jpg\" alt=\"\" width=\"351\" height=\"263\" srcset=\"https:\/\/schelphof.de\/wpnpz1\/wp-content\/uploads\/IMG_5779-320x240.jpg 320w, https:\/\/schelphof.de\/wpnpz1\/wp-content\/uploads\/IMG_5779-768x576.jpg 768w, https:\/\/schelphof.de\/wpnpz1\/wp-content\/uploads\/IMG_5779-1024x768.jpg 1024w, https:\/\/schelphof.de\/wpnpz1\/wp-content\/uploads\/IMG_5779.jpg 1142w\" sizes=\"auto, (max-width: 351px) 100vw, 351px\" \/><\/p>\n<p style=\"text-align: left;\">Vom\u00a0<strong>14.- 18.10.2024<\/strong> findet unser Herbstferienprojekt f\u00fcr 8-12-j\u00e4hrige Kinder statt.<\/p>\n<p style=\"text-align: left;\">In dieser Ferienwoche dreht sich vieles um B\u00e4ume. Ob Apfel-, Weiden- oder Eichenbaum \u2013 alle sind sie unterschiedlich und zugleich ganz spannend. Sie wachsen unterschiedlich, bieten interessante Fr\u00fcchte oder Holz zum schnitzen.<\/p>\n<p>In Kleingruppen werden die Kinder von 9.00-14.00 Uhr betreut.<\/p>\n<p>Die Teilnahme kostet 30,-\u20ac \/Woche.<\/p>\n<p>Das Projekt wird <strong>gef\u00f6rdert durch das Landesjugendamt LWL<\/strong>.<\/p>\n\n\n<p><\/p>\n","protected":false},"excerpt":{"rendered":"<p>Jetzt anmelden! Vom\u00a014.- 18.10.2024 findet unser Herbstferienprojekt f\u00fcr 8-12-j\u00e4hrige Kinder statt. In dieser Ferienwoche dreht sich vieles um B\u00e4ume. Ob Apfel-, Weiden- oder Eichenbaum \u2013 alle sind sie unterschiedlich und zugleich ganz spannend. Sie wachsen unterschiedlich, bieten interessante Fr\u00fcchte oder Holz zum schnitzen. In Kleingruppen werden die Kinder von 9.00-14.00 Uhr betreut. Die Teilnahme kostet &hellip;<\/p>\n","protected":false},"author":1,"featured_media":611,"comment_status":"closed","ping_status":"closed","sticky":false,"template":"","format":"standard","meta":{"footnotes":""},"categories":[1,31,33,30,32,23],"tags":[],"class_list":["post-763","post","type-post","status-publish","format-standard","has-post-thumbnail","hentry","category-allgemein","category-naturpaedagogisches-zentrum-schelphof","category-npz","category-npz-schelphof","category-schelphof","category-umweltbildung-bne"],"_links":{"self":[{"href":"https:\/\/schelphof.de\/wpnpz1\/wp-json\/wp\/v2\/posts\/763","targetHints":{"allow":["GET"]}}],"collection":[{"href":"https:\/\/schelphof.de\/wpnpz1\/wp-json\/wp\/v2\/posts"}],"about":[{"href":"https:\/\/schelphof.de\/wpnpz1\/wp-json\/wp\/v2\/types\/post"}],"author":[{"embeddable":true,"href":"https:\/\/schelphof.de\/wpnpz1\/wp-json\/wp\/v2\/users\/1"}],"replies":[{"embeddable":true,"href":"https:\/\/schelphof.de\/wpnpz1\/wp-json\/wp\/v2\/comments?post=763"}],"version-history":[{"count":6,"href":"https:\/\/schelphof.de\/wpnpz1\/wp-json\/wp\/v2\/posts\/763\/revisions"}],"predecessor-version":[{"id":1259,"href":"https:\/\/schelphof.de\/wpnpz1\/wp-json\/wp\/v2\/posts\/763\/revisions\/1259"}],"wp:featuredmedia":[{"embeddable":true,"href":"https:\/\/schelphof.de\/wpnpz1\/wp-json\/wp\/v2\/media\/611"}],"wp:attachment":[{"href":"https:\/\/schelphof.de\/wpnpz1\/wp-json\/wp\/v2\/media?parent=763"}],"wp:term":[{"taxonomy":"category","embeddable":true,"href":"https:\/\/schelphof.de\/wpnpz1\/wp-json\/wp\/v2\/categories?post=763"},{"taxonomy":"post_tag","embeddable":true,"href":"https:\/\/schelphof.de\/wpnpz1\/wp-json\/wp\/v2\/tags?post=763"}],"curies":[{"name":"wp","href":"https:\/\/api.w.org\/{rel}","templated":true}]}}